{"id":85,"date":"2013-01-04T18:47:06","date_gmt":"2013-01-04T18:47:06","guid":{"rendered":"http:\/\/www.listado.guidoblogs.org\/?p=85"},"modified":"2013-01-04T20:08:00","modified_gmt":"2013-01-04T20:08:00","slug":"musikalsol","status":"publish","type":"post","link":"https:\/\/www.listado.guidoblogs.org\/?p=85","title":{"rendered":"MusikalSol"},"content":{"rendered":"<h3>Campamento Musical<\/h3>\n<p><strong>Escuelas Sol Menor y Musikum<\/strong><\/p>\n<p><strong><a href=\"http:\/\/www.listado.guidoblogs.org\/wp-content\/uploads\/2013\/01\/MusikalSol.png\"><img loading=\"lazy\" decoding=\"async\" class=\"alignnone size-medium wp-image-86 alignleft\" title=\"MusikalSol\" alt=\"\" src=\"http:\/\/www.listado.guidoblogs.org\/wp-content\/uploads\/2013\/01\/MusikalSol-300x96.png\" width=\"300\" height=\"96\" srcset=\"https:\/\/www.listado.guidoblogs.org\/wp-content\/uploads\/2013\/01\/MusikalSol-300x96.png 300w, https:\/\/www.listado.guidoblogs.org\/wp-content\/uploads\/2013\/01\/MusikalSol.png 385w\" sizes=\"auto, (max-width: 300px) 100vw, 300px\" \/><\/a><\/strong><\/p>\n<p style=\"text-align: justify;\">La filosof\u00eda del proyecto musical de MusikalSol es la realizaci\u00f3n de un teatro musical entre todos, siendo los alumnos del campamento quienes, a trav\u00e9s de agrupaciones instrumentales y vocales, talleres de creaci\u00f3n musical, arreglos instrumentales, percusi\u00f3n corporal, etc, desarrollar\u00e1n el tema, los textos, la escenograf\u00eda e incluso los arreglos musicales. Todo ello guiado siempre por sus profesores, titulados y con amplia experiencia docente. Habr\u00e1 representaci\u00f3n ante el p\u00fablico el \u00faltimo d\u00eda del campamento.<\/p>\n<p><a href=\"http:\/\/musikalsol.wordpress.com\"><img loading=\"lazy\" decoding=\"async\" class=\"alignleft size-full wp-image-21\" title=\"url del blog\" alt=\"\" src=\"http:\/\/www.listado.guidoblogs.org\/wp-content\/uploads\/2013\/01\/safari.png\" width=\"50\" height=\"50\" \/><\/a><a href=\"http:\/\/guidoblogs.org\/?page_id=1811\"><img loading=\"lazy\" decoding=\"async\" class=\"alignleft size-full wp-image-22\" title=\"P\u00e1gina en GuidoBlogs\" alt=\"\" src=\"http:\/\/www.listado.guidoblogs.org\/wp-content\/uploads\/2013\/01\/guidologo-c\u00f2pia.png\" width=\"50\" height=\"50\" \/><\/a><a href=\"http:\/\/www.listado.guidoblogs.org\/wp-admin\/musikalsol.wordpress.com\/feed\/\"><img loading=\"lazy\" decoding=\"async\" class=\"alignleft size-full wp-image-17\" title=\"RSS\" alt=\"\" src=\"http:\/\/www.listado.guidoblogs.org\/wp-content\/uploads\/2013\/01\/12065637851779660844SRD_RSS_Logo.svg_.hi_.png\" width=\"50\" height=\"50\" \/><\/a><a href=\"https:\/\/www.facebook.com\/musikalsol\"><img loading=\"lazy\" decoding=\"async\" class=\"size-full wp-image-20 alignleft\" title=\"463_h8hs3qhxo0\" alt=\"\" src=\"http:\/\/www.listado.guidoblogs.org\/wp-content\/uploads\/2013\/01\/463_h8hs3qhxo0.png\" width=\"50\" height=\"50\" \/><\/a><a href=\"mailto:info@musikum.es\"><img loading=\"lazy\" decoding=\"async\" class=\"alignleft size-full wp-image-19\" title=\"Mail\" alt=\"\" src=\"http:\/\/www.listado.guidoblogs.org\/wp-content\/uploads\/2013\/01\/mail_logo.png\" width=\"50\" height=\"50\" \/><\/a><a href=\"https:\/\/twitter.com\/#!\/MusikalSol\"><img loading=\"lazy\" decoding=\"async\" class=\"alignleft size-full wp-image-18\" title=\"Twitter\" alt=\"\" src=\"http:\/\/www.listado.guidoblogs.org\/wp-content\/uploads\/2013\/01\/twitter_neue_ios_icon_by_theintenseplayer-d5fwil3.png\" width=\"50\" height=\"50\" \/><\/a><a href=\"http:\/\/www.listado.guidoblogs.org\/wp-content\/uploads\/2013\/01\/YouTubeApp2.png\"><img loading=\"lazy\" decoding=\"async\" class=\"size-full wp-image-16 alignleft\" title=\"YouTubeApp2\" alt=\"\" src=\"http:\/\/www.listado.guidoblogs.org\/wp-content\/uploads\/2013\/01\/YouTubeApp2.png\" width=\"50\" height=\"50\" \/><\/a><\/p>\n","protected":false},"excerpt":{"rendered":"<p>Campamento Musical Escuelas Sol Menor y Musikum La filosof\u00eda del proyecto musical de MusikalSol es la realizaci\u00f3n de un teatro musical entre todos, siendo los alumnos del campamento quienes, a trav\u00e9s de agrupaciones instrumentales y vocales, talleres de creaci\u00f3n musical, &hellip; <a href=\"https:\/\/www.listado.guidoblogs.org\/?p=85\">Continue reading <span class=\"meta-nav\">&rarr;<\/span><\/a><\/p>\n","protected":false},"author":1,"featured_media":0,"comment_status":"open","ping_status":"open","sticky":false,"template":"","format":"standard","meta":{"_jetpack_memberships_contains_paid_content":false,"footnotes":""},"categories":[65,60],"tags":[66],"class_list":["post-85","post","type-post","status-publish","format-standard","hentry","category-escuela-de-verano","category-madrid","tag-campamento-musical"],"jetpack_featured_media_url":"","jetpack_sharing_enabled":true,"_links":{"self":[{"href":"https:\/\/www.listado.guidoblogs.org\/index.php?rest_route=\/wp\/v2\/posts\/85","targetHints":{"allow":["GET"]}}],"collection":[{"href":"https:\/\/www.listado.guidoblogs.org\/index.php?rest_route=\/wp\/v2\/posts"}],"about":[{"href":"https:\/\/www.listado.guidoblogs.org\/index.php?rest_route=\/wp\/v2\/types\/post"}],"author":[{"embeddable":true,"href":"https:\/\/www.listado.guidoblogs.org\/index.php?rest_route=\/wp\/v2\/users\/1"}],"replies":[{"embeddable":true,"href":"https:\/\/www.listado.guidoblogs.org\/index.php?rest_route=%2Fwp%2Fv2%2Fcomments&post=85"}],"version-history":[{"count":4,"href":"https:\/\/www.listado.guidoblogs.org\/index.php?rest_route=\/wp\/v2\/posts\/85\/revisions"}],"predecessor-version":[{"id":129,"href":"https:\/\/www.listado.guidoblogs.org\/index.php?rest_route=\/wp\/v2\/posts\/85\/revisions\/129"}],"wp:attachment":[{"href":"https:\/\/www.listado.guidoblogs.org\/index.php?rest_route=%2Fwp%2Fv2%2Fmedia&parent=85"}],"wp:term":[{"taxonomy":"category","embeddable":true,"href":"https:\/\/www.listado.guidoblogs.org\/index.php?rest_route=%2Fwp%2Fv2%2Fcategories&post=85"},{"taxonomy":"post_tag","embeddable":true,"href":"https:\/\/www.listado.guidoblogs.org\/index.php?rest_route=%2Fwp%2Fv2%2Ftags&post=85"}],"curies":[{"name":"wp","href":"https:\/\/api.w.org\/{rel}","templated":true}]}}