{"id":708,"date":"2016-03-06T10:51:11","date_gmt":"2016-03-06T10:51:11","guid":{"rendered":"http:\/\/www.listado.guidoblogs.org\/?p=708"},"modified":"2016-03-06T10:51:11","modified_gmt":"2016-03-06T10:51:11","slug":"atencion-a-la-diversidad-cpm-francisco-guerrero","status":"publish","type":"post","link":"https:\/\/www.listado.guidoblogs.org\/?p=708","title":{"rendered":"Atenci\u00f3n a la Diversidad CPM Francisco Guerrero"},"content":{"rendered":"<h3><strong style=\"font-size: 16px; font-family: Georgia, 'Times New Roman', 'Bitstream Charter', Times, serif;\"><span data-sheets-value=\"[null,2,&quot;Atenci\\u00f3n a la Diversidad CPM Francisco Guerrero&quot;]\" data-sheets-userformat=\"[null,null,513,[null,0],null,null,null,null,null,null,null,null,0]\">Atenci\u00f3n a la Diversidad CPM Francisco Guerrero<\/span>\u00a0|\u00a0<span data-sheets-value=\"[null,2,&quot;CPM Francisco Guerrero&quot;]\" data-sheets-userformat=\"[null,null,513,[null,0],null,null,null,null,null,null,null,null,0]\">CPM Francisco Guerrero<\/span><\/strong><\/h3>\n<p style=\"text-align: justify;\"><span data-sheets-value=\"[null,2,&quot;Abordamos la atenci\\u00f3n a la diversidad en los conservatorios desde el paradigma de la educaci\\u00f3n inclusiva. Partimos de nuevos enfoques pedag\\u00f3gicos y de un concepto abierto de la m\\u00fasica.&quot;]\" data-sheets-userformat=\"[null,null,513,[null,0],null,null,null,null,null,null,null,null,0]\"><img loading=\"lazy\" decoding=\"async\" class=\"alignleft  wp-image-709\" src=\"http:\/\/www.listado.guidoblogs.org\/wp-content\/uploads\/2016\/03\/Atenci\u00f3n-a-la-diversidad.png\" alt=\"Atenci\u00f3n a la diversidad\" width=\"509\" height=\"62\" srcset=\"https:\/\/www.listado.guidoblogs.org\/wp-content\/uploads\/2016\/03\/Atenci\u00f3n-a-la-diversidad.png 835w, https:\/\/www.listado.guidoblogs.org\/wp-content\/uploads\/2016\/03\/Atenci\u00f3n-a-la-diversidad-300x37.png 300w, https:\/\/www.listado.guidoblogs.org\/wp-content\/uploads\/2016\/03\/Atenci\u00f3n-a-la-diversidad-768x94.png 768w\" sizes=\"auto, (max-width: 509px) 100vw, 509px\" \/>Abordamos la atenci\u00f3n a la diversidad en los conservatorios desde el paradigma de la educaci\u00f3n inclusiva. Partimos de nuevos enfoques pedag\u00f3gicos y de un concepto abierto de la m\u00fasica.<\/span><\/p>\n<p><a href=\"http:\/\/www.atencdiversidad.blogspot.com.es\"><img loading=\"lazy\" decoding=\"async\" class=\"alignleft size-full wp-image-21\" title=\"url del blog\" src=\"http:\/\/www.listado.guidoblogs.org\/wp-content\/uploads\/2013\/01\/safari.png\" alt=\"\" width=\"50\" height=\"50\" \/><\/a><a href=\"http:\/\/atencdiversidad.blogspot.com\/feeds\/posts\/default\"><img loading=\"lazy\" decoding=\"async\" class=\"alignleft size-full wp-image-17\" title=\"RSS\" src=\"http:\/\/www.listado.guidoblogs.org\/wp-content\/uploads\/2013\/01\/12065637851779660844SRD_RSS_Logo.svg_.hi_.png\" alt=\"\" width=\"50\" height=\"50\" \/><\/a><a href=\"mailto: adfguerrero@gmail.com\"><img loading=\"lazy\" decoding=\"async\" class=\"alignleft size-full wp-image-19\" title=\"Mail\" src=\"http:\/\/www.listado.guidoblogs.org\/wp-content\/uploads\/2013\/01\/mail_logo.png\" alt=\"\" width=\"50\" height=\"50\" \/><\/a><\/p>\n","protected":false},"excerpt":{"rendered":"<p>Atenci\u00f3n a la Diversidad CPM Francisco Guerrero\u00a0|\u00a0CPM Francisco Guerrero Abordamos la atenci\u00f3n a la diversidad en los conservatorios desde el paradigma de la educaci\u00f3n inclusiva. Partimos de nuevos enfoques pedag\u00f3gicos y de un concepto abierto de la m\u00fasica.<\/p>\n","protected":false},"author":1,"featured_media":0,"comment_status":"open","ping_status":"open","sticky":false,"template":"","format":"standard","meta":{"_jetpack_memberships_contains_paid_content":false,"footnotes":""},"categories":[90,96],"tags":[163],"class_list":["post-708","post","type-post","status-publish","format-standard","hentry","category-andalucia","category-departamento","tag-atencion-a-la-diversidad"],"jetpack_featured_media_url":"","jetpack_sharing_enabled":true,"_links":{"self":[{"href":"https:\/\/www.listado.guidoblogs.org\/index.php?rest_route=\/wp\/v2\/posts\/708","targetHints":{"allow":["GET"]}}],"collection":[{"href":"https:\/\/www.listado.guidoblogs.org\/index.php?rest_route=\/wp\/v2\/posts"}],"about":[{"href":"https:\/\/www.listado.guidoblogs.org\/index.php?rest_route=\/wp\/v2\/types\/post"}],"author":[{"embeddable":true,"href":"https:\/\/www.listado.guidoblogs.org\/index.php?rest_route=\/wp\/v2\/users\/1"}],"replies":[{"embeddable":true,"href":"https:\/\/www.listado.guidoblogs.org\/index.php?rest_route=%2Fwp%2Fv2%2Fcomments&post=708"}],"version-history":[{"count":1,"href":"https:\/\/www.listado.guidoblogs.org\/index.php?rest_route=\/wp\/v2\/posts\/708\/revisions"}],"predecessor-version":[{"id":710,"href":"https:\/\/www.listado.guidoblogs.org\/index.php?rest_route=\/wp\/v2\/posts\/708\/revisions\/710"}],"wp:attachment":[{"href":"https:\/\/www.listado.guidoblogs.org\/index.php?rest_route=%2Fwp%2Fv2%2Fmedia&parent=708"}],"wp:term":[{"taxonomy":"category","embeddable":true,"href":"https:\/\/www.listado.guidoblogs.org\/index.php?rest_route=%2Fwp%2Fv2%2Fcategories&post=708"},{"taxonomy":"post_tag","embeddable":true,"href":"https:\/\/www.listado.guidoblogs.org\/index.php?rest_route=%2Fwp%2Fv2%2Ftags&post=708"}],"curies":[{"name":"wp","href":"https:\/\/api.w.org\/{rel}","templated":true}]}}