{"id":645,"date":"2015-07-08T15:01:28","date_gmt":"2015-07-08T15:01:28","guid":{"rendered":"http:\/\/www.listado.guidoblogs.org\/?p=645"},"modified":"2015-07-08T15:01:28","modified_gmt":"2015-07-08T15:01:28","slug":"proyecto-brundibar","status":"publish","type":"post","link":"https:\/\/www.listado.guidoblogs.org\/?p=645","title":{"rendered":"Proyecto Brundib\u00e1r"},"content":{"rendered":"<h3>Coro y Agrupaci\u00f3n<\/h3>\n<p><strong>@brundibar2015\u00a0|\u00a0CEM La Palmera<\/strong><\/p>\n<p style=\"text-align: justify;\"><img loading=\"lazy\" decoding=\"async\" class=\"alignleft  wp-image-646\" alt=\"Proyecto Brundib\u00e1r\" src=\"http:\/\/www.listado.guidoblogs.org\/wp-content\/uploads\/2015\/07\/Proyecto-Brundib\u00e1r.png\" width=\"176\" height=\"141\" srcset=\"https:\/\/www.listado.guidoblogs.org\/wp-content\/uploads\/2015\/07\/Proyecto-Brundib\u00e1r.png 360w, https:\/\/www.listado.guidoblogs.org\/wp-content\/uploads\/2015\/07\/Proyecto-Brundib\u00e1r-300x240.png 300w\" sizes=\"auto, (max-width: 176px) 100vw, 176px\" \/>Iniciado en el Conservatorio Elemental de M\u00fasica La Palmera de Sevilla, el Proyecto Brundib\u00e1r est\u00e1 inspirado en las representaciones de la \u00f3pera infantil Brundib\u00e1r en el gueto nazi de Terez\u00edn. La historia de esta \u00f3pera demuestra c\u00f3mo el arte puede convertirse en una herramienta de desaf\u00edo y supervivencia y da a las personas una raz\u00f3n para vivir en las circunstancias m\u00e1s terribles.<\/p>\n<p>&nbsp;<\/p>\n<p><a href=\"http:\/\/proyectobrundibar.blogspot.com.es\"><img loading=\"lazy\" decoding=\"async\" class=\"alignleft size-full wp-image-21\" title=\"url del blog\" alt=\"\" src=\"http:\/\/www.listado.guidoblogs.org\/wp-content\/uploads\/2013\/01\/safari.png\" width=\"50\" height=\"50\" \/><\/a><a href=\"http:\/\/proyectobrundibar.blogspot.com\/feeds\/posts\/default\"><img loading=\"lazy\" decoding=\"async\" class=\"alignleft size-full wp-image-17\" title=\"RSS\" alt=\"\" src=\"http:\/\/www.listado.guidoblogs.org\/wp-content\/uploads\/2013\/01\/12065637851779660844SRD_RSS_Logo.svg_.hi_.png\" width=\"50\" height=\"50\" \/><\/a><a href=\"mailto:proyectobrundibar@gmail.com\"><img loading=\"lazy\" decoding=\"async\" class=\"alignleft size-full wp-image-19\" title=\"Mail\" alt=\"\" src=\"http:\/\/www.listado.guidoblogs.org\/wp-content\/uploads\/2013\/01\/mail_logo.png\" width=\"50\" height=\"50\" \/><\/a><a href=\"https:\/\/www.facebook.com\/proyectobrundibar\"><img loading=\"lazy\" decoding=\"async\" class=\"size-full wp-image-20 alignleft\" title=\"463_h8hs3qhxo0\" alt=\"\" src=\"http:\/\/www.listado.guidoblogs.org\/wp-content\/uploads\/2013\/01\/463_h8hs3qhxo0.png\" width=\"50\" height=\"50\" \/><\/a><a href=\"https:\/\/twitter.com\/brundibar2015\"><img loading=\"lazy\" decoding=\"async\" class=\"alignleft size-full wp-image-18\" title=\"Twitter\" alt=\"\" src=\"http:\/\/www.listado.guidoblogs.org\/wp-content\/uploads\/2013\/01\/twitter_neue_ios_icon_by_theintenseplayer-d5fwil3.png\" width=\"50\" height=\"50\" \/><\/a><a href=\"https:\/\/www.youtube.com\/user\/proyectobrundibar\"><img loading=\"lazy\" decoding=\"async\" class=\"size-full wp-image-16 alignleft\" title=\"YouTubeApp2\" alt=\"\" src=\"http:\/\/www.listado.guidoblogs.org\/wp-content\/uploads\/2013\/01\/YouTubeApp2.png\" width=\"50\" height=\"50\" \/><\/a><\/p>\n","protected":false},"excerpt":{"rendered":"<p>Coro y Agrupaci\u00f3n @brundibar2015\u00a0|\u00a0CEM La Palmera Iniciado en el Conservatorio Elemental de M\u00fasica La Palmera de Sevilla, el Proyecto Brundib\u00e1r est\u00e1 inspirado en las representaciones de la \u00f3pera infantil Brundib\u00e1r en el gueto nazi de Terez\u00edn. La historia de esta &hellip; <a href=\"https:\/\/www.listado.guidoblogs.org\/?p=645\">Continue reading <span class=\"meta-nav\">&rarr;<\/span><\/a><\/p>\n","protected":false},"author":1,"featured_media":0,"comment_status":"open","ping_status":"open","sticky":false,"template":"","format":"standard","meta":{"_jetpack_memberships_contains_paid_content":false,"footnotes":""},"categories":[90,107],"tags":[157],"class_list":["post-645","post","type-post","status-publish","format-standard","hentry","category-andalucia","category-proyecto","tag-coro"],"jetpack_featured_media_url":"","jetpack_sharing_enabled":true,"_links":{"self":[{"href":"https:\/\/www.listado.guidoblogs.org\/index.php?rest_route=\/wp\/v2\/posts\/645","targetHints":{"allow":["GET"]}}],"collection":[{"href":"https:\/\/www.listado.guidoblogs.org\/index.php?rest_route=\/wp\/v2\/posts"}],"about":[{"href":"https:\/\/www.listado.guidoblogs.org\/index.php?rest_route=\/wp\/v2\/types\/post"}],"author":[{"embeddable":true,"href":"https:\/\/www.listado.guidoblogs.org\/index.php?rest_route=\/wp\/v2\/users\/1"}],"replies":[{"embeddable":true,"href":"https:\/\/www.listado.guidoblogs.org\/index.php?rest_route=%2Fwp%2Fv2%2Fcomments&post=645"}],"version-history":[{"count":1,"href":"https:\/\/www.listado.guidoblogs.org\/index.php?rest_route=\/wp\/v2\/posts\/645\/revisions"}],"predecessor-version":[{"id":647,"href":"https:\/\/www.listado.guidoblogs.org\/index.php?rest_route=\/wp\/v2\/posts\/645\/revisions\/647"}],"wp:attachment":[{"href":"https:\/\/www.listado.guidoblogs.org\/index.php?rest_route=%2Fwp%2Fv2%2Fmedia&parent=645"}],"wp:term":[{"taxonomy":"category","embeddable":true,"href":"https:\/\/www.listado.guidoblogs.org\/index.php?rest_route=%2Fwp%2Fv2%2Fcategories&post=645"},{"taxonomy":"post_tag","embeddable":true,"href":"https:\/\/www.listado.guidoblogs.org\/index.php?rest_route=%2Fwp%2Fv2%2Ftags&post=645"}],"curies":[{"name":"wp","href":"https:\/\/api.w.org\/{rel}","templated":true}]}}