{"id":632,"date":"2015-03-07T21:18:35","date_gmt":"2015-03-07T21:18:35","guid":{"rendered":"http:\/\/www.listado.guidoblogs.org\/?p=632"},"modified":"2015-03-09T21:28:13","modified_gmt":"2015-03-09T21:28:13","slug":"lazos-musicales-motril-poitiers","status":"publish","type":"post","link":"https:\/\/www.listado.guidoblogs.org\/?p=632","title":{"rendered":"Lazos musicales: Motril\u2013Poitiers"},"content":{"rendered":"<h3><strong style=\"font-size: 16px; font-family: Georgia, 'Times New Roman', 'Bitstream Charter', Times, serif; line-height: 18px;\">Coordinador #MotrilPoitiers\u00a0|\u00a0Conservatorio Profesional de M\u00fasica &#8220;Antonio Lorenzo&#8221;<\/strong><\/h3>\n<p style=\"text-align: justify;\"><img loading=\"lazy\" decoding=\"async\" class=\"alignleft size-full wp-image-633\" alt=\"lazos musicales\" src=\"http:\/\/www.listado.guidoblogs.org\/wp-content\/uploads\/2015\/03\/lazos-musicales.jpg\" width=\"270\" height=\"201\" \/>Este es el blog del proyecto educativo europeo Lazos musicales: Motril-Poitiers, una colaboraci\u00f3n y asociaci\u00f3n estrat\u00e9gica entre los Conservatorios de m\u00fasica de estas dos localidades.<\/p>\n<p>En este blog encontrar\u00e1s toda la actividad del proyecto, en cualquiera de los idiomas de trabajo del mismo: Informacion, noticias, reflexiones, m\u00fasica, emociones\u2026 Queremos que cualquier persona de estas dos comunidades educativas encuentre su espacio aqu\u00ed.<\/p>\n<p>Estamos tambi\u00e9n en otros muchos canales de informaci\u00f3n, compru\u00e9balo en nuestra tarjeta de visita web: about.me\/MotrilPoitiers<\/p>\n<p><a href=\"http:\/\/motrilpoitiers.conservatoriodemotril.com\/\"><img loading=\"lazy\" decoding=\"async\" class=\"alignleft size-full wp-image-21\" title=\"url del blog\" alt=\"\" src=\"http:\/\/www.listado.guidoblogs.org\/wp-content\/uploads\/2013\/01\/safari.png\" width=\"50\" height=\"50\" \/><\/a><a href=\"http:\/\/motrilpoitiers.conservatoriodemotril.com\/feed\"><img loading=\"lazy\" decoding=\"async\" class=\"alignleft size-full wp-image-17\" title=\"RSS\" alt=\"\" src=\"http:\/\/www.listado.guidoblogs.org\/wp-content\/uploads\/2013\/01\/12065637851779660844SRD_RSS_Logo.svg_.hi_.png\" width=\"50\" height=\"50\" \/><\/a><a href=\"mailto:coordinadormotrilpoitiers@gmail.com\"><img loading=\"lazy\" decoding=\"async\" class=\"alignleft size-full wp-image-19\" title=\"Mail\" alt=\"\" src=\"http:\/\/www.listado.guidoblogs.org\/wp-content\/uploads\/2013\/01\/mail_logo.png\" width=\"50\" height=\"50\" \/><\/a><a href=\"https:\/\/www.facebook.com\/MotrilPoitiers\"><img loading=\"lazy\" decoding=\"async\" class=\"size-full wp-image-20 alignleft\" title=\"463_h8hs3qhxo0\" alt=\"\" src=\"http:\/\/www.listado.guidoblogs.org\/wp-content\/uploads\/2013\/01\/463_h8hs3qhxo0.png\" width=\"50\" height=\"50\" \/><\/a><a href=\"https:\/\/twitter.com\/motrilpoitiers\"><img loading=\"lazy\" decoding=\"async\" class=\"alignleft size-full wp-image-18\" title=\"Twitter\" alt=\"\" src=\"http:\/\/www.listado.guidoblogs.org\/wp-content\/uploads\/2013\/01\/twitter_neue_ios_icon_by_theintenseplayer-d5fwil3.png\" width=\"50\" height=\"50\" \/><\/a><a href=\"http:\/\/goo.gl\/uPCdFZ\"><img loading=\"lazy\" decoding=\"async\" class=\"size-full wp-image-16 alignleft\" title=\"YouTubeApp2\" alt=\"\" src=\"http:\/\/www.listado.guidoblogs.org\/wp-content\/uploads\/2013\/01\/YouTubeApp2.png\" width=\"50\" height=\"50\" \/><\/a><\/p>\n","protected":false},"excerpt":{"rendered":"<p>Coordinador #MotrilPoitiers\u00a0|\u00a0Conservatorio Profesional de M\u00fasica &#8220;Antonio Lorenzo&#8221; Este es el blog del proyecto educativo europeo Lazos musicales: Motril-Poitiers, una colaboraci\u00f3n y asociaci\u00f3n estrat\u00e9gica entre los Conservatorios de m\u00fasica de estas dos localidades. En este blog encontrar\u00e1s toda la actividad del &hellip; <a href=\"https:\/\/www.listado.guidoblogs.org\/?p=632\">Continue reading <span class=\"meta-nav\">&rarr;<\/span><\/a><\/p>\n","protected":false},"author":1,"featured_media":0,"comment_status":"open","ping_status":"open","sticky":false,"template":"","format":"standard","meta":{"_jetpack_memberships_contains_paid_content":false,"footnotes":""},"categories":[90,107],"tags":[],"class_list":["post-632","post","type-post","status-publish","format-standard","hentry","category-andalucia","category-proyecto"],"jetpack_featured_media_url":"","jetpack_sharing_enabled":true,"_links":{"self":[{"href":"https:\/\/www.listado.guidoblogs.org\/index.php?rest_route=\/wp\/v2\/posts\/632","targetHints":{"allow":["GET"]}}],"collection":[{"href":"https:\/\/www.listado.guidoblogs.org\/index.php?rest_route=\/wp\/v2\/posts"}],"about":[{"href":"https:\/\/www.listado.guidoblogs.org\/index.php?rest_route=\/wp\/v2\/types\/post"}],"author":[{"embeddable":true,"href":"https:\/\/www.listado.guidoblogs.org\/index.php?rest_route=\/wp\/v2\/users\/1"}],"replies":[{"embeddable":true,"href":"https:\/\/www.listado.guidoblogs.org\/index.php?rest_route=%2Fwp%2Fv2%2Fcomments&post=632"}],"version-history":[{"count":3,"href":"https:\/\/www.listado.guidoblogs.org\/index.php?rest_route=\/wp\/v2\/posts\/632\/revisions"}],"predecessor-version":[{"id":635,"href":"https:\/\/www.listado.guidoblogs.org\/index.php?rest_route=\/wp\/v2\/posts\/632\/revisions\/635"}],"wp:attachment":[{"href":"https:\/\/www.listado.guidoblogs.org\/index.php?rest_route=%2Fwp%2Fv2%2Fmedia&parent=632"}],"wp:term":[{"taxonomy":"category","embeddable":true,"href":"https:\/\/www.listado.guidoblogs.org\/index.php?rest_route=%2Fwp%2Fv2%2Fcategories&post=632"},{"taxonomy":"post_tag","embeddable":true,"href":"https:\/\/www.listado.guidoblogs.org\/index.php?rest_route=%2Fwp%2Fv2%2Ftags&post=632"}],"curies":[{"name":"wp","href":"https:\/\/api.w.org\/{rel}","templated":true}]}}