{"id":408,"date":"2013-01-20T18:43:30","date_gmt":"2013-01-20T18:43:30","guid":{"rendered":"http:\/\/www.listado.guidoblogs.org\/?p=408"},"modified":"2013-03-03T17:37:39","modified_gmt":"2013-03-03T17:37:39","slug":"aula-de-clarinete-merida","status":"publish","type":"post","link":"https:\/\/www.listado.guidoblogs.org\/?p=408","title":{"rendered":"Aula de Clarinete M\u00e9rida"},"content":{"rendered":"<h3>Clarinete<\/h3>\n<p><strong>Elisa Victoria Iruzubieta Pickman\u00a0|\u00a0Conservatorio Profesional Esteban S\u00e1nchez de M\u00e9rida<\/strong><\/p>\n<p style=\"text-align: justify;\"><img loading=\"lazy\" decoding=\"async\" class=\"alignleft size-medium wp-image-409\" alt=\"Aula de Clarinete de M\u00e9rida\" src=\"http:\/\/www.listado.guidoblogs.org\/wp-content\/uploads\/2013\/01\/Aula-de-Clarinete-de-M\u00e9rida-300x67.png\" width=\"300\" height=\"67\" srcset=\"https:\/\/www.listado.guidoblogs.org\/wp-content\/uploads\/2013\/01\/Aula-de-Clarinete-de-M\u00e9rida-300x67.png 300w, https:\/\/www.listado.guidoblogs.org\/wp-content\/uploads\/2013\/01\/Aula-de-Clarinete-de-M\u00e9rida.png 383w\" sizes=\"auto, (max-width: 300px) 100vw, 300px\" \/>&#8220;Este blog surge con el objetivo de enriquecer el proceso de ense\u00f1anza- aprendizaje de las clases presenciales diarias con la creaci\u00f3n de un espacio para la reflexi\u00f3n sobre diferentes aspectos relacionados con el clarinete. Encontrar\u00e1s archivos de audio y v\u00eddeo sobre el repertorio que trabajamos en el aula, cuestiones te\u00f3ricas, series de actividades did\u00e1cticas que desarrollamos online, una agenda de actividades, y tambi\u00e9n recuerdos de nuestros conciertos y de los conciertos de la Banda de EE, que tambi\u00e9n dirijo. Puedes disfrutar de todo lo que aqu\u00ed se expone libremente intercambiando conocimientos con alumnos y alumnas del aula, y con la profesora, inscribi\u00e9ndote en \u00e9l.<\/p>\n<p>Gracias por tu colaboraci\u00f3n y por tu visita:)!!!&#8221;<\/p>\n<p><a href=\"http:\/\/auladeclarinetemerida.wordpress.com\"><img loading=\"lazy\" decoding=\"async\" class=\"alignleft size-full wp-image-21\" title=\"url del blog\" alt=\"\" src=\"http:\/\/www.listado.guidoblogs.org\/wp-content\/uploads\/2013\/01\/safari.png\" width=\"50\" height=\"50\" \/><\/a><a href=\"http:\/\/auladeclarinetemerida.wordpress.com\/feed\/\"><img loading=\"lazy\" decoding=\"async\" class=\"alignleft size-full wp-image-17\" title=\"RSS\" alt=\"\" src=\"http:\/\/www.listado.guidoblogs.org\/wp-content\/uploads\/2013\/01\/12065637851779660844SRD_RSS_Logo.svg_.hi_.png\" width=\"50\" height=\"50\" \/><\/a><a href=\"mailto:auladeclarinetemerida.cp@gmail.com\"><img loading=\"lazy\" decoding=\"async\" class=\"alignleft size-full wp-image-19\" title=\"Mail\" alt=\"\" src=\"http:\/\/www.listado.guidoblogs.org\/wp-content\/uploads\/2013\/01\/mail_logo.png\" width=\"50\" height=\"50\" \/><\/a><a href=\"https:\/\/www.facebook.com\/pages\/Mi-Aula-Musical\/194026630740274\"><img loading=\"lazy\" decoding=\"async\" class=\"size-full wp-image-20 alignleft\" title=\"463_h8hs3qhxo0\" alt=\"\" src=\"http:\/\/www.listado.guidoblogs.org\/wp-content\/uploads\/2013\/01\/463_h8hs3qhxo0.png\" width=\"50\" height=\"50\" \/><\/a><a href=\"http:\/\/www.youtube.com\/user\/aulaclarinetemerida\"><img loading=\"lazy\" decoding=\"async\" class=\"size-full wp-image-16 alignleft\" title=\"YouTubeApp2\" alt=\"\" src=\"http:\/\/www.listado.guidoblogs.org\/wp-content\/uploads\/2013\/01\/YouTubeApp2.png\" width=\"50\" height=\"50\" \/><\/a><a href=\"https:\/\/twitter.com\/aulaclarimerida\"><img loading=\"lazy\" decoding=\"async\" class=\"alignleft size-full wp-image-18\" title=\"Twitter\" alt=\"\" src=\"http:\/\/www.listado.guidoblogs.org\/wp-content\/uploads\/2013\/01\/twitter_neue_ios_icon_by_theintenseplayer-d5fwil3.png\" width=\"50\" height=\"50\" \/><\/a><\/p>\n","protected":false},"excerpt":{"rendered":"<p>Clarinete Elisa Victoria Iruzubieta Pickman\u00a0|\u00a0Conservatorio Profesional Esteban S\u00e1nchez de M\u00e9rida &#8220;Este blog surge con el objetivo de enriquecer el proceso de ense\u00f1anza- aprendizaje de las clases presenciales diarias con la creaci\u00f3n de un espacio para la reflexi\u00f3n sobre diferentes aspectos &hellip; <a href=\"https:\/\/www.listado.guidoblogs.org\/?p=408\">Continue reading <span class=\"meta-nav\">&rarr;<\/span><\/a><\/p>\n","protected":false},"author":1,"featured_media":0,"comment_status":"open","ping_status":"open","sticky":false,"template":"","format":"standard","meta":{"_jetpack_memberships_contains_paid_content":false,"footnotes":""},"categories":[127,49],"tags":[82],"class_list":["post-408","post","type-post","status-publish","format-standard","hentry","category-extremadura","category-profesor","tag-clarinete"],"jetpack_featured_media_url":"","jetpack_sharing_enabled":true,"_links":{"self":[{"href":"https:\/\/www.listado.guidoblogs.org\/index.php?rest_route=\/wp\/v2\/posts\/408","targetHints":{"allow":["GET"]}}],"collection":[{"href":"https:\/\/www.listado.guidoblogs.org\/index.php?rest_route=\/wp\/v2\/posts"}],"about":[{"href":"https:\/\/www.listado.guidoblogs.org\/index.php?rest_route=\/wp\/v2\/types\/post"}],"author":[{"embeddable":true,"href":"https:\/\/www.listado.guidoblogs.org\/index.php?rest_route=\/wp\/v2\/users\/1"}],"replies":[{"embeddable":true,"href":"https:\/\/www.listado.guidoblogs.org\/index.php?rest_route=%2Fwp%2Fv2%2Fcomments&post=408"}],"version-history":[{"count":3,"href":"https:\/\/www.listado.guidoblogs.org\/index.php?rest_route=\/wp\/v2\/posts\/408\/revisions"}],"predecessor-version":[{"id":429,"href":"https:\/\/www.listado.guidoblogs.org\/index.php?rest_route=\/wp\/v2\/posts\/408\/revisions\/429"}],"wp:attachment":[{"href":"https:\/\/www.listado.guidoblogs.org\/index.php?rest_route=%2Fwp%2Fv2%2Fmedia&parent=408"}],"wp:term":[{"taxonomy":"category","embeddable":true,"href":"https:\/\/www.listado.guidoblogs.org\/index.php?rest_route=%2Fwp%2Fv2%2Fcategories&post=408"},{"taxonomy":"post_tag","embeddable":true,"href":"https:\/\/www.listado.guidoblogs.org\/index.php?rest_route=%2Fwp%2Fv2%2Ftags&post=408"}],"curies":[{"name":"wp","href":"https:\/\/api.w.org\/{rel}","templated":true}]}}