{"id":199,"date":"2013-01-05T08:39:36","date_gmt":"2013-01-05T08:39:36","guid":{"rendered":"http:\/\/www.listado.guidoblogs.org\/?p=199"},"modified":"2013-01-05T08:40:33","modified_gmt":"2013-01-05T08:40:33","slug":"o-peque-coro-do-xan-viano","status":"publish","type":"post","link":"https:\/\/www.listado.guidoblogs.org\/?p=199","title":{"rendered":"O Peque Coro do Xan Via\u00f1o"},"content":{"rendered":"<h3>Lenguaje Musical, Coro<\/h3>\n<p><strong>Catuxa\u00a0|\u00a0Cmus Xan Via\u00f1o de Ferrol<\/strong><\/p>\n<p style=\"text-align: justify;\"><img loading=\"lazy\" decoding=\"async\" class=\"alignleft size-medium wp-image-200\" alt=\"O peque Coro\" src=\"http:\/\/www.listado.guidoblogs.org\/wp-content\/uploads\/2013\/01\/O-peque-Coro-300x52.png\" width=\"300\" height=\"52\" srcset=\"https:\/\/www.listado.guidoblogs.org\/wp-content\/uploads\/2013\/01\/O-peque-Coro-300x52.png 300w, https:\/\/www.listado.guidoblogs.org\/wp-content\/uploads\/2013\/01\/O-peque-Coro.png 885w\" sizes=\"auto, (max-width: 300px) 100vw, 300px\" \/>Este \u00e9 o blog para @s pequecoristas, @s amig@s e familiares dos pequecoristas e t\u00f3dol@s interesad@s no canto coral infantil. O Peque Coro somos nenos e nenas de Grao Elemental do Conservatorio de M\u00fasica &#8220;Xan Via\u00f1o&#8221; de Ferrol. T\u00f3dolos s\u00e1bados ensaiamos xunto con profesoras do noso conservatorio. \u00d3 piano acomp\u00e1\u00f1anos a delicadeza da nosa pianista, Alexandra Pita e a direcci\u00f3n est\u00e1 nas mans de quen escribe neste blog: a ilusionada directora, Catuxa Pita.<\/p>\n<p><a href=\"http:\/\/pequecoro.blogspot.com\/\"><img loading=\"lazy\" decoding=\"async\" class=\"alignleft size-full wp-image-21\" title=\"url del blog\" alt=\"\" src=\"http:\/\/www.listado.guidoblogs.org\/wp-content\/uploads\/2013\/01\/safari.png\" width=\"50\" height=\"50\" \/><\/a><a href=\"http:\/\/pequecoro.blogspot.com\/feeds\/posts\/default\"><img loading=\"lazy\" decoding=\"async\" class=\"alignleft size-full wp-image-17\" title=\"RSS\" alt=\"\" src=\"http:\/\/www.listado.guidoblogs.org\/wp-content\/uploads\/2013\/01\/12065637851779660844SRD_RSS_Logo.svg_.hi_.png\" width=\"50\" height=\"50\" \/><\/a><a href=\"mailto:pequecoro@gmail.com\"><img loading=\"lazy\" decoding=\"async\" class=\"alignleft size-full wp-image-19\" title=\"Mail\" alt=\"\" src=\"http:\/\/www.listado.guidoblogs.org\/wp-content\/uploads\/2013\/01\/mail_logo.png\" width=\"50\" height=\"50\" \/><\/a><\/p>\n","protected":false},"excerpt":{"rendered":"<p>Lenguaje Musical, Coro Catuxa\u00a0|\u00a0Cmus Xan Via\u00f1o de Ferrol Este \u00e9 o blog para @s pequecoristas, @s amig@s e familiares dos pequecoristas e t\u00f3dol@s interesad@s no canto coral infantil. O Peque Coro somos nenos e nenas de Grao Elemental do Conservatorio &hellip; <a href=\"https:\/\/www.listado.guidoblogs.org\/?p=199\">Continue reading <span class=\"meta-nav\">&rarr;<\/span><\/a><\/p>\n","protected":false},"author":1,"featured_media":0,"comment_status":"open","ping_status":"open","sticky":false,"template":"","format":"standard","meta":{"_jetpack_memberships_contains_paid_content":false,"footnotes":""},"categories":[59,92],"tags":[157,52],"class_list":["post-199","post","type-post","status-publish","format-standard","hentry","category-coro","category-galicia","tag-coro","tag-lenguaje-musical"],"jetpack_featured_media_url":"","jetpack_sharing_enabled":true,"_links":{"self":[{"href":"https:\/\/www.listado.guidoblogs.org\/index.php?rest_route=\/wp\/v2\/posts\/199","targetHints":{"allow":["GET"]}}],"collection":[{"href":"https:\/\/www.listado.guidoblogs.org\/index.php?rest_route=\/wp\/v2\/posts"}],"about":[{"href":"https:\/\/www.listado.guidoblogs.org\/index.php?rest_route=\/wp\/v2\/types\/post"}],"author":[{"embeddable":true,"href":"https:\/\/www.listado.guidoblogs.org\/index.php?rest_route=\/wp\/v2\/users\/1"}],"replies":[{"embeddable":true,"href":"https:\/\/www.listado.guidoblogs.org\/index.php?rest_route=%2Fwp%2Fv2%2Fcomments&post=199"}],"version-history":[{"count":2,"href":"https:\/\/www.listado.guidoblogs.org\/index.php?rest_route=\/wp\/v2\/posts\/199\/revisions"}],"predecessor-version":[{"id":202,"href":"https:\/\/www.listado.guidoblogs.org\/index.php?rest_route=\/wp\/v2\/posts\/199\/revisions\/202"}],"wp:attachment":[{"href":"https:\/\/www.listado.guidoblogs.org\/index.php?rest_route=%2Fwp%2Fv2%2Fmedia&parent=199"}],"wp:term":[{"taxonomy":"category","embeddable":true,"href":"https:\/\/www.listado.guidoblogs.org\/index.php?rest_route=%2Fwp%2Fv2%2Fcategories&post=199"},{"taxonomy":"post_tag","embeddable":true,"href":"https:\/\/www.listado.guidoblogs.org\/index.php?rest_route=%2Fwp%2Fv2%2Ftags&post=199"}],"curies":[{"name":"wp","href":"https:\/\/api.w.org\/{rel}","templated":true}]}}