{"id":190,"date":"2013-01-05T08:26:41","date_gmt":"2013-01-05T08:26:41","guid":{"rendered":"http:\/\/www.listado.guidoblogs.org\/?p=190"},"modified":"2013-01-05T09:36:02","modified_gmt":"2013-01-05T09:36:02","slug":"ritmo-y-sonido-del-lenguaje-musical","status":"publish","type":"post","link":"https:\/\/www.listado.guidoblogs.org\/?p=190","title":{"rendered":"Ritmo y Sonido del Lenguaje Musical"},"content":{"rendered":"<h3>Lenguaje Musical<\/h3>\n<p><strong>M\u00aa Jos\u00e9 Bourgon\u00a0|\u00a0Conservatorio Profesional de M\u00fasica de Gij\u00f3n<\/strong><\/p>\n<p style=\"text-align: justify;\"><img loading=\"lazy\" decoding=\"async\" class=\"alignleft size-medium wp-image-191\" alt=\"Ritmo y Sonido Lenguaje Musical Gijon\" src=\"http:\/\/www.listado.guidoblogs.org\/wp-content\/uploads\/2013\/01\/Ritmo-y-Sonido-Lenguaje-Musical-Gijon-300x36.png\" width=\"300\" height=\"36\" srcset=\"https:\/\/www.listado.guidoblogs.org\/wp-content\/uploads\/2013\/01\/Ritmo-y-Sonido-Lenguaje-Musical-Gijon-300x36.png 300w, https:\/\/www.listado.guidoblogs.org\/wp-content\/uploads\/2013\/01\/Ritmo-y-Sonido-Lenguaje-Musical-Gijon.png 792w\" sizes=\"auto, (max-width: 300px) 100vw, 300px\" \/>&#8220;Este blog vio la luz el 19 de Noviembre de 2011, gracias a un curso organizado a trav\u00e9s del Conservatorio. de M\u00fasica de Gij\u00f3n. Poco a poco voy comprobando las grandes posibilidades de aplicaci\u00f3n de la inform\u00e1tica a la ense\u00f1anza. La verdad es que no ten\u00eda ninguna experiencia en este campo, y me parece interes\u00e1ntisimo el poder llegar a los alumnos a trav\u00e9s del blog. En \u00e9l, intento cada d\u00eda aprender a hacer algo nuevo. Esta semana, gracias a mi compa\u00f1era de departamento Adriana Cristina (que es un crac en esto) que me ense\u00f1\u00f3 como colgar audio, pude publicar mi primer dictado y animada pro el resultado obtenido, hice otros dos dictados y los colgu\u00e9.<br \/>\nAnimo a todos a que lo intenten.<br \/>\nLa idea de un blog de Conservatorios y de Escuelas de M\u00fasica me parece una idea genial. Ya era hora de que los m\u00fasicos uni\u00e9ramos nuestras fuerzas y comparti\u00e9ramos nuestros conocimientos. &#8220;<\/p>\n<p><a href=\"http:\/\/ritmoysonidomariajose.blogspot.com\/\"><img loading=\"lazy\" decoding=\"async\" class=\"alignleft size-full wp-image-21\" title=\"url del blog\" alt=\"\" src=\"http:\/\/www.listado.guidoblogs.org\/wp-content\/uploads\/2013\/01\/safari.png\" width=\"50\" height=\"50\" \/><\/a><a href=\"http:\/\/ritmoysonidomariajose.blogspot.com\/feeds\/posts\/default\"><img loading=\"lazy\" decoding=\"async\" class=\"alignleft size-full wp-image-17\" title=\"RSS\" alt=\"\" src=\"http:\/\/www.listado.guidoblogs.org\/wp-content\/uploads\/2013\/01\/12065637851779660844SRD_RSS_Logo.svg_.hi_.png\" width=\"50\" height=\"50\" \/><\/a><a href=\"mailto:majobofo@gmail.com\"><img loading=\"lazy\" decoding=\"async\" class=\"alignleft size-full wp-image-19\" title=\"Mail\" alt=\"\" src=\"http:\/\/www.listado.guidoblogs.org\/wp-content\/uploads\/2013\/01\/mail_logo.png\" width=\"50\" height=\"50\" \/><\/a><a href=\"http:\/\/www.facebook.com\/mjose.bourgonfombona\"><img loading=\"lazy\" decoding=\"async\" class=\"size-full wp-image-20 alignleft\" title=\"463_h8hs3qhxo0\" alt=\"\" src=\"http:\/\/www.listado.guidoblogs.org\/wp-content\/uploads\/2013\/01\/463_h8hs3qhxo0.png\" width=\"50\" height=\"50\" \/><\/a><\/p>\n","protected":false},"excerpt":{"rendered":"<p>Lenguaje Musical M\u00aa Jos\u00e9 Bourgon\u00a0|\u00a0Conservatorio Profesional de M\u00fasica de Gij\u00f3n &#8220;Este blog vio la luz el 19 de Noviembre de 2011, gracias a un curso organizado a trav\u00e9s del Conservatorio. de M\u00fasica de Gij\u00f3n. Poco a poco voy comprobando las &hellip; <a href=\"https:\/\/www.listado.guidoblogs.org\/?p=190\">Continue reading <span class=\"meta-nav\">&rarr;<\/span><\/a><\/p>\n","protected":false},"author":1,"featured_media":0,"comment_status":"open","ping_status":"open","sticky":false,"template":"","format":"standard","meta":{"_jetpack_memberships_contains_paid_content":false,"footnotes":""},"categories":[50,49],"tags":[52],"class_list":["post-190","post","type-post","status-publish","format-standard","hentry","category-asturias","category-profesor","tag-lenguaje-musical"],"jetpack_featured_media_url":"","jetpack_sharing_enabled":true,"_links":{"self":[{"href":"https:\/\/www.listado.guidoblogs.org\/index.php?rest_route=\/wp\/v2\/posts\/190","targetHints":{"allow":["GET"]}}],"collection":[{"href":"https:\/\/www.listado.guidoblogs.org\/index.php?rest_route=\/wp\/v2\/posts"}],"about":[{"href":"https:\/\/www.listado.guidoblogs.org\/index.php?rest_route=\/wp\/v2\/types\/post"}],"author":[{"embeddable":true,"href":"https:\/\/www.listado.guidoblogs.org\/index.php?rest_route=\/wp\/v2\/users\/1"}],"replies":[{"embeddable":true,"href":"https:\/\/www.listado.guidoblogs.org\/index.php?rest_route=%2Fwp%2Fv2%2Fcomments&post=190"}],"version-history":[{"count":2,"href":"https:\/\/www.listado.guidoblogs.org\/index.php?rest_route=\/wp\/v2\/posts\/190\/revisions"}],"predecessor-version":[{"id":235,"href":"https:\/\/www.listado.guidoblogs.org\/index.php?rest_route=\/wp\/v2\/posts\/190\/revisions\/235"}],"wp:attachment":[{"href":"https:\/\/www.listado.guidoblogs.org\/index.php?rest_route=%2Fwp%2Fv2%2Fmedia&parent=190"}],"wp:term":[{"taxonomy":"category","embeddable":true,"href":"https:\/\/www.listado.guidoblogs.org\/index.php?rest_route=%2Fwp%2Fv2%2Fcategories&post=190"},{"taxonomy":"post_tag","embeddable":true,"href":"https:\/\/www.listado.guidoblogs.org\/index.php?rest_route=%2Fwp%2Fv2%2Ftags&post=190"}],"curies":[{"name":"wp","href":"https:\/\/api.w.org\/{rel}","templated":true}]}}