{"id":15,"date":"2013-01-04T16:13:53","date_gmt":"2013-01-04T16:13:53","guid":{"rendered":"http:\/\/www.listado.guidoblogs.org\/?p=15"},"modified":"2013-01-04T20:09:22","modified_gmt":"2013-01-04T20:09:22","slug":"oysiao-en-el-oasis","status":"publish","type":"post","link":"https:\/\/www.listado.guidoblogs.org\/?p=15","title":{"rendered":"Oysiao en el Oasis"},"content":{"rendered":"<h2>Pedagog\u00eda, Legislaci\u00f3n, Reflexi\u00f3n<\/h2>\n<p><strong>Jos\u00e9 Luis Miralles |\u00a0<\/strong><strong>CPM &#8220;Mestre T\u00e0rrega&#8221; de Castell\u00f3n<\/strong><\/p>\n<p><img loading=\"lazy\" decoding=\"async\" class=\"size-medium wp-image-31 alignleft\" title=\"Oysiao en el Oasis\" alt=\"\" src=\"http:\/\/www.listado.guidoblogs.org\/wp-content\/uploads\/2013\/01\/Oysiao-en-el-Oasis-300x105.png\" width=\"300\" height=\"105\" srcset=\"https:\/\/www.listado.guidoblogs.org\/wp-content\/uploads\/2013\/01\/Oysiao-en-el-Oasis-300x105.png 300w, https:\/\/www.listado.guidoblogs.org\/wp-content\/uploads\/2013\/01\/Oysiao-en-el-Oasis.png 342w\" sizes=\"auto, (max-width: 300px) 100vw, 300px\" \/><\/p>\n<p style=\"text-align: justify;\">Blog fundador de GuidoBlogs.org, dedicado a la reflexi\u00f3n sobre pedagog\u00eda, legislaci\u00f3n y situaci\u00f3n de los conservatorios y la ense\u00f1anza musical en Espa\u00f1a. Asimismo se tratan temas de formaci\u00f3n del profesorado, sistemas de gesti\u00f3n de la calidad, historia de la ense\u00f1anza musical en Espa\u00f1a y temas de actualidad de la educaci\u00f3n musical.<\/p>\n<p><a href=\"http:\/\/www.jlmirall.es\/oysiao\"><img loading=\"lazy\" decoding=\"async\" class=\"alignleft size-full wp-image-21\" title=\"url del blog\" alt=\"\" src=\"http:\/\/www.listado.guidoblogs.org\/wp-content\/uploads\/2013\/01\/safari.png\" width=\"50\" height=\"50\" \/><\/a><a href=\"http:\/\/guidoblogs.org\/?page_id=918\"><img loading=\"lazy\" decoding=\"async\" class=\"alignleft size-full wp-image-22\" title=\"p\u00e1gina en GuidoBlogs\" alt=\"\" src=\"http:\/\/www.listado.guidoblogs.org\/wp-content\/uploads\/2013\/01\/guidologo-c\u00f2pia.png\" width=\"50\" height=\"50\" \/><\/a><a href=\"http:\/\/feeds.feedburner.com\/jlmirall\/gXpt\"><img loading=\"lazy\" decoding=\"async\" class=\"alignleft size-full wp-image-17\" title=\"RSS\" alt=\"\" src=\"http:\/\/www.listado.guidoblogs.org\/wp-content\/uploads\/2013\/01\/12065637851779660844SRD_RSS_Logo.svg_.hi_.png\" width=\"50\" height=\"50\" \/><\/a><a href=\"mailto:oysiao@gmail.com\"><img loading=\"lazy\" decoding=\"async\" class=\"alignleft size-full wp-image-19\" title=\"Mail\" alt=\"\" src=\"http:\/\/www.listado.guidoblogs.org\/wp-content\/uploads\/2013\/01\/mail_logo.png\" width=\"50\" height=\"50\" \/><\/a><a href=\"https:\/\/twitter.com\/miralles\"><img loading=\"lazy\" decoding=\"async\" class=\"alignleft size-full wp-image-18\" title=\"twitter\" alt=\"\" src=\"http:\/\/www.listado.guidoblogs.org\/wp-content\/uploads\/2013\/01\/twitter_neue_ios_icon_by_theintenseplayer-d5fwil3.png\" width=\"50\" height=\"50\" \/><\/a><a href=\"https:\/\/www.facebook.com\/jlmiralles\"><img loading=\"lazy\" decoding=\"async\" class=\"alignleft size-full wp-image-20\" title=\"facebook\" alt=\"\" src=\"http:\/\/www.listado.guidoblogs.org\/wp-content\/uploads\/2013\/01\/463_h8hs3qhxo0.png\" width=\"50\" height=\"50\" \/><\/a><\/p>\n","protected":false},"excerpt":{"rendered":"<p>Pedagog\u00eda, Legislaci\u00f3n, Reflexi\u00f3n Jos\u00e9 Luis Miralles |\u00a0CPM &#8220;Mestre T\u00e0rrega&#8221; de Castell\u00f3n Blog fundador de GuidoBlogs.org, dedicado a la reflexi\u00f3n sobre pedagog\u00eda, legislaci\u00f3n y situaci\u00f3n de los conservatorios y la ense\u00f1anza musical en Espa\u00f1a. Asimismo se tratan temas de formaci\u00f3n del &hellip; <a href=\"https:\/\/www.listado.guidoblogs.org\/?p=15\">Continue reading <span class=\"meta-nav\">&rarr;<\/span><\/a><\/p>\n","protected":false},"author":1,"featured_media":0,"comment_status":"open","ping_status":"open","sticky":false,"template":"","format":"standard","meta":{"_jetpack_memberships_contains_paid_content":false,"footnotes":""},"categories":[44,49],"tags":[154,153,152,155],"class_list":["post-15","post","type-post","status-publish","format-standard","hentry","category-comunidad-valenciana","category-profesor","tag-legislacion","tag-pedagogia","tag-piano","tag-reflexion"],"jetpack_featured_media_url":"","jetpack_sharing_enabled":true,"_links":{"self":[{"href":"https:\/\/www.listado.guidoblogs.org\/index.php?rest_route=\/wp\/v2\/posts\/15","targetHints":{"allow":["GET"]}}],"collection":[{"href":"https:\/\/www.listado.guidoblogs.org\/index.php?rest_route=\/wp\/v2\/posts"}],"about":[{"href":"https:\/\/www.listado.guidoblogs.org\/index.php?rest_route=\/wp\/v2\/types\/post"}],"author":[{"embeddable":true,"href":"https:\/\/www.listado.guidoblogs.org\/index.php?rest_route=\/wp\/v2\/users\/1"}],"replies":[{"embeddable":true,"href":"https:\/\/www.listado.guidoblogs.org\/index.php?rest_route=%2Fwp%2Fv2%2Fcomments&post=15"}],"version-history":[{"count":25,"href":"https:\/\/www.listado.guidoblogs.org\/index.php?rest_route=\/wp\/v2\/posts\/15\/revisions"}],"predecessor-version":[{"id":136,"href":"https:\/\/www.listado.guidoblogs.org\/index.php?rest_route=\/wp\/v2\/posts\/15\/revisions\/136"}],"wp:attachment":[{"href":"https:\/\/www.listado.guidoblogs.org\/index.php?rest_route=%2Fwp%2Fv2%2Fmedia&parent=15"}],"wp:term":[{"taxonomy":"category","embeddable":true,"href":"https:\/\/www.listado.guidoblogs.org\/index.php?rest_route=%2Fwp%2Fv2%2Fcategories&post=15"},{"taxonomy":"post_tag","embeddable":true,"href":"https:\/\/www.listado.guidoblogs.org\/index.php?rest_route=%2Fwp%2Fv2%2Ftags&post=15"}],"curies":[{"name":"wp","href":"https:\/\/api.w.org\/{rel}","templated":true}]}}